{"id":228937,"date":"2024-01-07T00:00:00","date_gmt":"2024-01-07T00:00:00","guid":{"rendered":"https:\/\/dialogandoenfamilia.com\/home\/?p=228937"},"modified":"2024-01-07T00:00:00","modified_gmt":"2024-01-07T00:00:00","slug":"isaias-45-profecia-antes-que-naciera-ciro-dios-lo-eligio-para-que-ordenara-el-retorno-de-israel-a-palestina","status":"publish","type":"post","link":"https:\/\/dialogandoenfamilia.com\/?p=228937","title":{"rendered":"ISA\u00cdAS 45 \u2013 PROFEC\u00cdA: ANTES QUE NACIERA CIRO, DIOS LO ELIGI\u00d3 PARA QUE ORDENARA EL RETORNO DE ISRAEL A PALESTINA"},"content":{"rendered":"\n<iframe width=\"100%\" height=\"20\" scrolling=\"no\" frameborder=\"no\" allow=\"autoplay\" src=\"https:\/\/w.soundcloud.com\/player\/?url=https%3A\/\/api.soundcloud.com\/tracks\/1702755378&#038;color=%23ff5500&#038;inverse=false&#038;auto_play=true&#038;show_user=true\"><\/iframe><div style=\"font-size: 10px; color: #cccccc;line-break: anywhere;word-break: normal;overflow: hidden;white-space: nowrap;text-overflow: ellipsis; font-family: Interstate,Lucida Grande,Lucida Sans Unicode,Lucida Sans,Garuda,Verdana,Tahoma,sans-serif;font-weight: 100;\"><a href=\"https:\/\/soundcloud.com\/centro-white-unadeca-1\" title=\"Escuela de Teolog\u00eda, UNADECA\" target=\"_blank\" style=\"color: #cccccc; text-decoration: none;\" rel=\"noopener\">Escuela de Teolog\u00eda, UNADECA<\/a> \u00b7 <a href=\"https:\/\/soundcloud.com\/centro-white-unadeca-1\/20240107-isaias45\" title=\"20240107 Isaias45\" target=\"_blank\" style=\"color: #cccccc; text-decoration: none;\" rel=\"noopener\">20240107 Isaias45<\/a><\/div>\n\n\n\n<h4 class=\"wp-block-heading\">VERS\u00cdCULO PARA MEMORIZAR:<\/h4>\n\n\n\n<p>\u201cAs\u00ed dice el Se\u00f1or a Ciro, su ungido, a quien tom\u00f3 de la mano derecha para someter a su dominio las naciones y despojar de su armadura a los reyes, para abrir a su paso las puertas y dejar abiertas las entradas\u201d (Ver. 1).<\/p>\n\n\n\n<h3 class=\"wp-block-heading\">COMENTARIO ISA\u00cdAS 45.<\/h3>\n\n\n\n<p>Isa\u00edas profetiz\u00f3 por el a\u00f1o 700 a. C. &nbsp;que Ciro recibir\u00eda el encargo de hacer volver a los jud\u00edos a la tierra prometida. El profeta, de manera abierta y expl\u00edcita menciona el nombre de Ciro en dos ocasiones. Ciro, conocido tambi\u00e9n en los anales de la historia antigua como &#8220;el Grande&#8221;, rey de Persia y fundador del Imperio Persa. Para alcanzar este sitial, venci\u00f3 a los medos, a Craso, rey de Lidia (546 a. C.); tom\u00f3 tambi\u00e9n Babilonia en (539 a. C.) y rein\u00f3 entre los a\u00f1os 546-529 a. C. El a\u00f1o 539 a. C., Ciro decret\u00f3 que los jud\u00edos cautivos en Babilonia puedan retornar a Jerusal\u00e9n, para reconstruir el templo. Sin embargo, detr\u00e1s del decreto de Ciro estaba el decreto de Jehov\u00e1 Dios de Israel: <em>\u201cLevantar\u00e9 a Ciro en justicia; allanar\u00e9 todos sus caminos. \u00c9l reconstruir\u00e1 mi ciudad y pondr\u00e1 en libertad a mis cautivos, pero no por precio. Lo digo yo, el Se\u00f1or Todopoderoso.\u201d<\/em><\/p>\n\n\n\n<h3 class=\"wp-block-heading\">CITA SELECTA.<\/h3>\n\n\n\n<p>\u201cCuando el rey vio las palabras que hab\u00edan predicho, m\u00e1s de cien a\u00f1os antes que \u00e9l naciera, la manera en que Babilonia ser\u00eda tomada; cuando ley\u00f3 el mensaje que le dirig\u00eda el Gobernante del universo: \u201cYo te ce\u00f1ir\u00e9, aunque t\u00fa no me conociste; para que se sepa desde el nacimiento del sol, y desde donde se pone, que no hay m\u00e1s que yo;\u201d cuando tuvo delante de los ojos la declaraci\u00f3n del Dios eterno: \u201cPor amor de mi siervo Jacob, y de Israel mi escogido, te llam\u00e9 por tu nombre; te puse sobrenombre, aunque no me conociste;\u201d cuando ley\u00f3 en el registro inspirado: \u201cYo lo despert\u00e9 en justicia, y enderezar\u00e9 todos sus caminos; \u00e9l edificar\u00e1 mi ciudad, y soltar\u00e1 mis cautivos, no por precio ni por dones\u201d (Isa\u00edas 45:5, 6, 4, 13), su coraz\u00f3n qued\u00f3 profundamente conmovido y resolvi\u00f3 cumplir la misi\u00f3n que Dios le hab\u00eda asignado. El rey reconoci\u00f3 con agradecimiento en esa proclamaci\u00f3n p\u00fablica: \u201cJehov\u00e1 Dios de los cielos me ha dado todos los reinos de la tierra, y me ha mandado que le edifique casa en Jerusal\u00e9n, que est\u00e1 en Jud\u00e1. \u00bfQui\u00e9n hay entre vosotros de todo su pueblo? Sea Dios con \u00e9l, y suba a Jerusal\u00e9n.\u201d PR 409. (PROFETAS Y REYES, P.409)<\/p>\n\n\n\n<h3 class=\"wp-block-heading\">ORACI\u00d3N:<\/h3>\n\n\n\n<p>Padre nuestro, te adoramos porque eres un Dios omnisciente y eterno, que anuncia lo que suceder\u00e1 en el futuro y se cumple con exactitud. Te suplicamos que despiertes el inter\u00e9s en nuestros seres amados para estudiar tu palabra cada d\u00eda. Por Jes\u00fas, am\u00e9n.<\/p>\n","protected":false},"excerpt":{"rendered":"<p>Escuela de Teolog\u00eda, UNADECA \u00b7 20240107 Isaias45 VERS\u00cdCULO PARA MEMORIZAR: \u201cAs\u00ed dice el Se\u00f1or a Ciro, su ungido, a quien tom\u00f3 de la mano derecha para someter a su dominio las naciones y despojar de su armadura a los reyes, para abrir a su paso las puertas y dejar abiertas las entradas\u201d (Ver. 1). COMENTARIO [&hellip;]<\/p>\n","protected":false},"author":1,"featured_media":228726,"comment_status":"open","ping_status":"open","sticky":false,"template":"","format":"standard","meta":{"_themeisle_gutenberg_block_has_review":false,"footnotes":""},"categories":[2],"tags":[],"class_list":["post-228937","post","type-post","status-publish","format-standard","has-post-thumbnail","hentry","category-atentos"],"blocksy_meta":[],"_links":{"self":[{"href":"https:\/\/dialogandoenfamilia.com\/index.php?rest_route=\/wp\/v2\/posts\/228937","targetHints":{"allow":["GET"]}}],"collection":[{"href":"https:\/\/dialogandoenfamilia.com\/index.php?rest_route=\/wp\/v2\/posts"}],"about":[{"href":"https:\/\/dialogandoenfamilia.com\/index.php?rest_route=\/wp\/v2\/types\/post"}],"author":[{"embeddable":true,"href":"https:\/\/dialogandoenfamilia.com\/index.php?rest_route=\/wp\/v2\/users\/1"}],"replies":[{"embeddable":true,"href":"https:\/\/dialogandoenfamilia.com\/index.php?rest_route=%2Fwp%2Fv2%2Fcomments&post=228937"}],"version-history":[{"count":0,"href":"https:\/\/dialogandoenfamilia.com\/index.php?rest_route=\/wp\/v2\/posts\/228937\/revisions"}],"wp:featuredmedia":[{"embeddable":true,"href":"https:\/\/dialogandoenfamilia.com\/index.php?rest_route=\/"}],"wp:attachment":[{"href":"https:\/\/dialogandoenfamilia.com\/index.php?rest_route=%2Fwp%2Fv2%2Fmedia&parent=228937"}],"wp:term":[{"taxonomy":"category","embeddable":true,"href":"https:\/\/dialogandoenfamilia.com\/index.php?rest_route=%2Fwp%2Fv2%2Fcategories&post=228937"},{"taxonomy":"post_tag","embeddable":true,"href":"https:\/\/dialogandoenfamilia.com\/index.php?rest_route=%2Fwp%2Fv2%2Ftags&post=228937"}],"curies":[{"name":"wp","href":"https:\/\/api.w.org\/{rel}","templated":true}]}}